{"id":9367,"date":"2025-02-21T11:24:43","date_gmt":"2025-02-21T11:24:43","guid":{"rendered":"https:\/\/www.unavocepersanmarino.com\/?p=9367"},"modified":"2025-10-06T12:40:33","modified_gmt":"2025-10-06T12:40:33","slug":"prevendita-vivaticket","status":"publish","type":"post","link":"https:\/\/dreamingsanmarinosongcontest.com\/fr\/prevendita-vivaticket\/","title":{"rendered":"Pr\u00e9vente VIVATICKET"},"content":{"rendered":"<h1 class=\"p1\">\u2018Una voce per San Marino - San Marino Song Contest\u2019, pr\u00e9vente \u00e0 partir du 21 f\u00e9vrier<\/h1>\n<p class=\"p2\"><span class=\"s1\"><b>Les pr\u00e9ventes sont ouvertes pour la finale de la 4\u00e8me \u00e9dition de <\/b><\/span><span class=\"s2\"><b>UNE VOIX POUR SAINT-MARIN - CONCOURS DE CHANT DE SAINT-MARIN <\/b><\/span><b>LE FESTIVAL PROMU PAR LE SECR\u00c9TARIAT D'\u00c9TAT ET ORGANIS\u00c9 AVEC MEDIA EVOLUTION ET SAN MARINO RTV\u00a0<\/b><b>QUI R\u00c9COMPENSE LA PARTICIPATION \u00c0 LA PROCHAINE\u00a0<\/b><span class=\"s3\"><b>CONCOURS EUROVISION DE LA CHANSON<\/b><\/span><\/p>\n<p class=\"p4\"><b>\u00c0 partir de 10 heures le 21 f\u00e9vrier<\/b> des billets seront disponibles pour assister \u00e0 la soir\u00e9e de cl\u00f4ture de la 4e \u00e9dition de la <strong>Une voix pour Saint-Marin - Concours de la chanson de Saint-Marin<\/strong>\u00a0qui aura lieu\u00a0<b>Samedi 8 mars 2025<\/b>.<\/p>\n<p class=\"p6\"><b>Lien de pr\u00e9vente :<br \/>\n<a href=\"https:\/\/www.vivaticket.com\/it\/ticket\/san-marino-song-contest\/261329\" target=\"_blank\" rel=\"noopener\">https:\/\/www.vivaticket.com\/it\/ticket\/san-marino-song-contest\/261329<\/a><\/b><\/p>\n<p><img loading=\"lazy\" decoding=\"async\" class=\"aligncenter wp-image-9368 size-large\" src=\"https:\/\/www.dreamingsanmarinosongcontest.com\/wp-content\/uploads\/2025\/02\/UVSM-2025-819x1024.jpeg\" width=\"819\" height=\"1024\" srcset=\"https:\/\/dreamingsanmarinosongcontest.com\/wp-content\/uploads\/2025\/02\/UVSM-2025-819x1024.jpeg 819w, https:\/\/dreamingsanmarinosongcontest.com\/wp-content\/uploads\/2025\/02\/UVSM-2025-240x300.jpeg 240w, https:\/\/dreamingsanmarinosongcontest.com\/wp-content\/uploads\/2025\/02\/UVSM-2025-768x960.jpeg 768w, https:\/\/dreamingsanmarinosongcontest.com\/wp-content\/uploads\/2025\/02\/UVSM-2025-1229x1536.jpeg 1229w, https:\/\/dreamingsanmarinosongcontest.com\/wp-content\/uploads\/2025\/02\/UVSM-2025-1638x2048.jpeg 1638w, https:\/\/dreamingsanmarinosongcontest.com\/wp-content\/uploads\/2025\/02\/UVSM-2025-10x12.jpeg 10w, https:\/\/dreamingsanmarinosongcontest.com\/wp-content\/uploads\/2025\/02\/UVSM-2025-scaled.jpeg 2048w\" sizes=\"auto, (max-width: 819px) 100vw, 819px\" \/><\/p>","protected":false},"excerpt":{"rendered":"<p>\u2018Una voce per San Marino &#8211; San Marino Song Contest\u2019, dal 21 febbraio al via le prevendite SONO APERTE LE PREVENDITE PER LA FINALE DELLA 4a EDIZIONE DI UNA VOCE&#8230;<\/p>","protected":false},"author":5,"featured_media":9551,"comment_status":"closed","ping_status":"closed","sticky":false,"template":"","format":"standard","meta":{"footnotes":""},"categories":[1,2],"tags":[13,12,9,10,8],"class_list":{"0":"post-9367","1":"post","2":"type-post","3":"status-publish","4":"format-standard","5":"has-post-thumbnail","7":"category-notizie","8":"category-comunicati","9":"tag-eurovision","10":"tag-media-evolution","11":"tag-rtv","12":"tag-san-marino","13":"tag-una-voce-per-san-marino"},"_links":{"self":[{"href":"https:\/\/dreamingsanmarinosongcontest.com\/fr\/wp-json\/wp\/v2\/posts\/9367","targetHints":{"allow":["GET"]}}],"collection":[{"href":"https:\/\/dreamingsanmarinosongcontest.com\/fr\/wp-json\/wp\/v2\/posts"}],"about":[{"href":"https:\/\/dreamingsanmarinosongcontest.com\/fr\/wp-json\/wp\/v2\/types\/post"}],"author":[{"embeddable":true,"href":"https:\/\/dreamingsanmarinosongcontest.com\/fr\/wp-json\/wp\/v2\/users\/5"}],"replies":[{"embeddable":true,"href":"https:\/\/dreamingsanmarinosongcontest.com\/fr\/wp-json\/wp\/v2\/comments?post=9367"}],"version-history":[{"count":3,"href":"https:\/\/dreamingsanmarinosongcontest.com\/fr\/wp-json\/wp\/v2\/posts\/9367\/revisions"}],"predecessor-version":[{"id":9371,"href":"https:\/\/dreamingsanmarinosongcontest.com\/fr\/wp-json\/wp\/v2\/posts\/9367\/revisions\/9371"}],"wp:featuredmedia":[{"embeddable":true,"href":"https:\/\/dreamingsanmarinosongcontest.com\/fr\/wp-json\/wp\/v2\/media\/9551"}],"wp:attachment":[{"href":"https:\/\/dreamingsanmarinosongcontest.com\/fr\/wp-json\/wp\/v2\/media?parent=9367"}],"wp:term":[{"taxonomy":"category","embeddable":true,"href":"https:\/\/dreamingsanmarinosongcontest.com\/fr\/wp-json\/wp\/v2\/categories?post=9367"},{"taxonomy":"post_tag","embeddable":true,"href":"https:\/\/dreamingsanmarinosongcontest.com\/fr\/wp-json\/wp\/v2\/tags?post=9367"}],"curies":[{"name":"wp","href":"https:\/\/api.w.org\/{rel}","templated":true}]}}